{"id":2937,"date":"2020-03-16T09:57:30","date_gmt":"2020-03-16T08:57:30","guid":{"rendered":"http:\/\/eadi.com\/?p=2937"},"modified":"2020-03-16T09:57:31","modified_gmt":"2020-03-16T08:57:31","slug":"competencias-comunicativas-san-valentin-carnaval-y-panettone","status":"publish","type":"post","link":"https:\/\/eadi.com\/es\/competencias-comunicativas-san-valentin-carnaval-y-panettone\/","title":{"rendered":"Competencias comunicativas &#8211; San Valent\u00edn, Carnaval y Panettone"},"content":{"rendered":"<p>[et_pb_section fb_built=&#8221;1&#8243; _builder_version=&#8221;3.22.2&#8243; custom_padding=&#8221;21px|||||&#8221;][et_pb_row _builder_version=&#8221;3.22.2&#8243;][et_pb_column type=&#8221;4_4&#8243; _builder_version=&#8221;3.0.47&#8243;][et_pb_text _builder_version=&#8221;3.22.2&#8243; text_font=&#8221;|600|||||||&#8221; text_text_color=&#8221;#004288&#8243; text_font_size=&#8221;23px&#8221;]<\/p>\n<p>Competencias comunicativas &#8211; San Valent\u00edn, Carnaval y Panettone<\/p>\n<p>[\/et_pb_text][et_pb_text _builder_version=&#8221;3.22.2&#8243; custom_margin=&#8221;||40px|||&#8221;]<\/p>\n<p>Las competencias comunicativas en un idioma se refieren no solo a la capacidad de utilizar vocabulario y gram\u00e1tica para formar frases correctas, sino tambi\u00e9n a saber emplearlas de manera efectiva en un contexto sociocultural dado. En nuestras clases de idiomas no solamente ense\u00f1amos a nuestros alumnos a producir lenguaje, sino a aprender qu\u00e9 es considerado apropiado y qu\u00e9 no en cada cultura, seg\u00fan el idioma que se est\u00e9 aprendiendo. Por ejemplo, aprender las formas de cortes\u00eda y las situaciones en las que se emplean en un idioma ayuda a tener mayor \u00e9xito en el momento de comunicarnos con personas extranjeras, ya sea cuando viajamos o en el trabajo, as\u00ed como a desarrollar relativismo cultural. Con el aprendizaje de una lengua viene el de toda una cultura y una forma de ver el mundo. Con \u00e9sta idea en mente, en EADI realizamos actividades que tienen que ver con diferentes costumbres. Desde decorar la escuela para San Valent\u00edn, hasta hacer m\u00e1scaras de carnaval.<\/p>\n<p>Simona, una de nuestras profesoras de ingl\u00e9s e italiano, tiene por costumbre ofrecer a sus alumnos comidas t\u00edpicas italianas y nos cuenta: \u201cSi hablamos de ense\u00f1ar un idioma, no tiene sentido hablar de algo abstracto, no significa aprender s\u00f3lo reglas y construcciones, y en ese sentido no es s\u00f3lo la herramienta ling\u00fc\u00edstica lo que debe interesar al alumno. Una persona que aprende un idioma tambi\u00e9n debe poder contextualizarlo, considerar la cultura donde se usa. Esto se debe a que el idioma y la cultura est\u00e1n mutuamente vinculados. Tener la oportunidad de conocer y vivir la cultura de un determinado pa\u00eds es, seguramente, uno de las motivaciones para aprender una lengua; estimula la curiosidad, capacidad cr\u00edtica y nos permite aprender a usar palabras cuyo significado se manifiesta solamente en ese idioma. Conocer el arte, la gastronom\u00eda, los h\u00e1bitos cotidianos de un pa\u00eds provoca esa fascinaci\u00f3n que hace que el idioma se aprenda con la cabeza y el estudio, pero que tambi\u00e9n entre por los ojos, el coraz\u00f3n y, \u00bfpor qu\u00e9 no decirlo?, seguramente el est\u00f3mago\u201d<\/p>\n<p>[\/et_pb_text][et_pb_gallery gallery_ids=&#8221;2942,2944,2946,2948,2950,2952&#8243; fullwidth=&#8221;on&#8221; _builder_version=&#8221;3.22.2&#8243;][\/et_pb_gallery][\/et_pb_column][\/et_pb_row][\/et_pb_section]<\/p>\n","protected":false},"excerpt":{"rendered":"<p>[et_pb_section fb_built=&#8221;1&#8243; _builder_version=&#8221;3.22.2&#8243; custom_padding=&#8221;21px|||||&#8221;][et_pb_row _builder_version=&#8221;3.22.2&#8243;][et_pb_column type=&#8221;4_4&#8243; _builder_version=&#8221;3.0.47&#8243;][et_pb_text _builder_version=&#8221;3.22.2&#8243; text_font=&#8221;|600|||||||&#8221; text_text_color=&#8221;#004288&#8243; text_font_size=&#8221;23px&#8221;] Competencias comunicativas &#8211; San Valent\u00edn, Carnaval y Panettone [\/et_pb_text][et_pb_text _builder_version=&#8221;3.22.2&#8243; custom_margin=&#8221;||40px|||&#8221;] Las competencias comunicativas en un idioma se refieren no solo a la capacidad de utilizar vocabulario y gram\u00e1tica para formar frases correctas, sino tambi\u00e9n a saber emplearlas de manera efectiva en un contexto [&hellip;]<\/p>\n","protected":false},"author":1,"featured_media":3032,"comment_status":"closed","ping_status":"closed","sticky":false,"template":"","format":"standard","meta":{"_et_pb_use_builder":"on","_et_pb_old_content":"","_et_gb_content_width":"","_monsterinsights_skip_tracking":false,"_monsterinsights_sitenote_active":false,"_monsterinsights_sitenote_note":"","_monsterinsights_sitenote_category":0},"categories":[11],"tags":[],"yoast_head":"<!-- This site is optimized with the Yoast SEO plugin v16.4 - https:\/\/yoast.com\/wordpress\/plugins\/seo\/ -->\n<title>Competencias comunicativas - San Valent\u00edn, Carnaval y Panettone - EADI<\/title>\n<meta name=\"description\" content=\"Las competencias comunicativas en un idioma se refieren a la capacidad de utilizar vocabulario y gram\u00e1tica de manera efectiva en un contexto sociocultural dado.\" \/>\n<meta name=\"robots\" content=\"index, follow, max-snippet:-1, max-image-preview:large, max-video-preview:-1\" \/>\n<link rel=\"canonical\" href=\"https:\/\/eadi.com\/es\/competencias-comunicativas-san-valentin-carnaval-y-panettone\/\" \/>\n<meta property=\"og:locale\" content=\"es_ES\" \/>\n<meta property=\"og:type\" content=\"article\" \/>\n<meta property=\"og:title\" content=\"Competencias comunicativas - San Valent\u00edn, Carnaval y Panettone - EADI\" \/>\n<meta property=\"og:description\" content=\"Las competencias comunicativas en un idioma se refieren a la capacidad de utilizar vocabulario y gram\u00e1tica de manera efectiva en un contexto sociocultural dado.\" \/>\n<meta property=\"og:url\" content=\"https:\/\/eadi.com\/es\/competencias-comunicativas-san-valentin-carnaval-y-panettone\/\" \/>\n<meta property=\"og:site_name\" content=\"EADI\" \/>\n<meta property=\"article:publisher\" content=\"https:\/\/www.facebook.com\/eadidiomes?fref=ts\" \/>\n<meta property=\"article:published_time\" content=\"2020-03-16T08:57:30+00:00\" \/>\n<meta property=\"article:modified_time\" content=\"2020-03-16T08:57:31+00:00\" \/>\n<meta property=\"og:image\" content=\"https:\/\/eadi.com\/wp-content\/uploads\/2020\/03\/eadi_idiomas.jpg\" \/>\n\t<meta property=\"og:image:width\" content=\"295\" \/>\n\t<meta property=\"og:image:height\" content=\"181\" \/>\n<meta name=\"twitter:card\" content=\"summary_large_image\" \/>\n<meta name=\"twitter:creator\" content=\"@EADI_idiomes\" \/>\n<meta name=\"twitter:site\" content=\"@EADI_idiomes\" \/>\n<meta name=\"twitter:label1\" content=\"Tiempo de lectura\" \/>\n\t<meta name=\"twitter:data1\" content=\"2 minutos\" \/>\n<script type=\"application\/ld+json\" class=\"yoast-schema-graph\">{\"@context\":\"https:\/\/schema.org\",\"@graph\":[{\"@type\":\"Organization\",\"@id\":\"https:\/\/eadi.com\/#organization\",\"name\":\"EADI. L'escola d'idiomes de Badalona\",\"url\":\"https:\/\/eadi.com\/\",\"sameAs\":[\"https:\/\/www.facebook.com\/eadidiomes?fref=ts\",\"https:\/\/twitter.com\/EADI_idiomes\"],\"logo\":{\"@type\":\"ImageObject\",\"@id\":\"https:\/\/eadi.com\/#logo\",\"inLanguage\":\"es\",\"url\":\"https:\/\/eadi.com\/wp-content\/uploads\/2019\/06\/logooook.jpg\",\"contentUrl\":\"https:\/\/eadi.com\/wp-content\/uploads\/2019\/06\/logooook.jpg\",\"width\":502,\"height\":184,\"caption\":\"EADI. L'escola d'idiomes de Badalona\"},\"image\":{\"@id\":\"https:\/\/eadi.com\/#logo\"}},{\"@type\":\"WebSite\",\"@id\":\"https:\/\/eadi.com\/#website\",\"url\":\"https:\/\/eadi.com\/\",\"name\":\"EADI. L'escola d'idiomes de Badalona\",\"description\":\"L&#039;escola d&#039;idiomes de Badalona\",\"publisher\":{\"@id\":\"https:\/\/eadi.com\/#organization\"},\"potentialAction\":[{\"@type\":\"SearchAction\",\"target\":\"https:\/\/eadi.com\/?s={search_term_string}\",\"query-input\":\"required name=search_term_string\"}],\"inLanguage\":\"es\"},{\"@type\":\"ImageObject\",\"@id\":\"https:\/\/eadi.com\/es\/competencias-comunicativas-san-valentin-carnaval-y-panettone\/#primaryimage\",\"inLanguage\":\"es\",\"url\":\"https:\/\/eadi.com\/wp-content\/uploads\/2020\/03\/eadi_idiomas.jpg\",\"contentUrl\":\"https:\/\/eadi.com\/wp-content\/uploads\/2020\/03\/eadi_idiomas.jpg\",\"width\":295,\"height\":181},{\"@type\":\"WebPage\",\"@id\":\"https:\/\/eadi.com\/es\/competencias-comunicativas-san-valentin-carnaval-y-panettone\/#webpage\",\"url\":\"https:\/\/eadi.com\/es\/competencias-comunicativas-san-valentin-carnaval-y-panettone\/\",\"name\":\"Competencias comunicativas - San Valent\\u00edn, Carnaval y Panettone - EADI\",\"isPartOf\":{\"@id\":\"https:\/\/eadi.com\/#website\"},\"primaryImageOfPage\":{\"@id\":\"https:\/\/eadi.com\/es\/competencias-comunicativas-san-valentin-carnaval-y-panettone\/#primaryimage\"},\"datePublished\":\"2020-03-16T08:57:30+00:00\",\"dateModified\":\"2020-03-16T08:57:31+00:00\",\"description\":\"Las competencias comunicativas en un idioma se refieren a la capacidad de utilizar vocabulario y gram\\u00e1tica de manera efectiva en un contexto sociocultural dado.\",\"breadcrumb\":{\"@id\":\"https:\/\/eadi.com\/es\/competencias-comunicativas-san-valentin-carnaval-y-panettone\/#breadcrumb\"},\"inLanguage\":\"es\",\"potentialAction\":[{\"@type\":\"ReadAction\",\"target\":[\"https:\/\/eadi.com\/es\/competencias-comunicativas-san-valentin-carnaval-y-panettone\/\"]}]},{\"@type\":\"BreadcrumbList\",\"@id\":\"https:\/\/eadi.com\/es\/competencias-comunicativas-san-valentin-carnaval-y-panettone\/#breadcrumb\",\"itemListElement\":[{\"@type\":\"ListItem\",\"position\":1,\"item\":{\"@type\":\"WebPage\",\"@id\":\"https:\/\/eadi.com\/\",\"url\":\"https:\/\/eadi.com\/\",\"name\":\"Portada\"}},{\"@type\":\"ListItem\",\"position\":2,\"item\":{\"@id\":\"https:\/\/eadi.com\/es\/competencias-comunicativas-san-valentin-carnaval-y-panettone\/#webpage\"}}]},{\"@type\":\"Article\",\"@id\":\"https:\/\/eadi.com\/es\/competencias-comunicativas-san-valentin-carnaval-y-panettone\/#article\",\"isPartOf\":{\"@id\":\"https:\/\/eadi.com\/es\/competencias-comunicativas-san-valentin-carnaval-y-panettone\/#webpage\"},\"author\":{\"@id\":\"https:\/\/eadi.com\/#\/schema\/person\/77634e41c79b16d61961e6f03c79389a\"},\"headline\":\"Competencias comunicativas &#8211; San Valent\\u00edn, Carnaval y Panettone\",\"datePublished\":\"2020-03-16T08:57:30+00:00\",\"dateModified\":\"2020-03-16T08:57:31+00:00\",\"mainEntityOfPage\":{\"@id\":\"https:\/\/eadi.com\/es\/competencias-comunicativas-san-valentin-carnaval-y-panettone\/#webpage\"},\"wordCount\":447,\"publisher\":{\"@id\":\"https:\/\/eadi.com\/#organization\"},\"image\":{\"@id\":\"https:\/\/eadi.com\/es\/competencias-comunicativas-san-valentin-carnaval-y-panettone\/#primaryimage\"},\"thumbnailUrl\":\"https:\/\/eadi.com\/wp-content\/uploads\/2020\/03\/eadi_idiomas.jpg\",\"articleSection\":[\"Sin categorizar\"],\"inLanguage\":\"es\"},{\"@type\":\"Person\",\"@id\":\"https:\/\/eadi.com\/#\/schema\/person\/77634e41c79b16d61961e6f03c79389a\",\"name\":\"olgamuma\",\"image\":{\"@type\":\"ImageObject\",\"@id\":\"https:\/\/eadi.com\/#personlogo\",\"inLanguage\":\"es\",\"url\":\"https:\/\/secure.gravatar.com\/avatar\/5575e062ebe5c93911fd590ef1adb1d8?s=96&d=mm&r=g\",\"contentUrl\":\"https:\/\/secure.gravatar.com\/avatar\/5575e062ebe5c93911fd590ef1adb1d8?s=96&d=mm&r=g\",\"caption\":\"olgamuma\"}}]}<\/script>\n<!-- \/ Yoast SEO plugin. -->","post_mailing_queue_ids":[],"_links":{"self":[{"href":"https:\/\/eadi.com\/es\/wp-json\/wp\/v2\/posts\/2937"}],"collection":[{"href":"https:\/\/eadi.com\/es\/wp-json\/wp\/v2\/posts"}],"about":[{"href":"https:\/\/eadi.com\/es\/wp-json\/wp\/v2\/types\/post"}],"author":[{"embeddable":true,"href":"https:\/\/eadi.com\/es\/wp-json\/wp\/v2\/users\/1"}],"replies":[{"embeddable":true,"href":"https:\/\/eadi.com\/es\/wp-json\/wp\/v2\/comments?post=2937"}],"version-history":[{"count":5,"href":"https:\/\/eadi.com\/es\/wp-json\/wp\/v2\/posts\/2937\/revisions"}],"predecessor-version":[{"id":2960,"href":"https:\/\/eadi.com\/es\/wp-json\/wp\/v2\/posts\/2937\/revisions\/2960"}],"wp:featuredmedia":[{"embeddable":true,"href":"https:\/\/eadi.com\/es\/wp-json\/wp\/v2\/media\/3032"}],"wp:attachment":[{"href":"https:\/\/eadi.com\/es\/wp-json\/wp\/v2\/media?parent=2937"}],"wp:term":[{"taxonomy":"category","embeddable":true,"href":"https:\/\/eadi.com\/es\/wp-json\/wp\/v2\/categories?post=2937"},{"taxonomy":"post_tag","embeddable":true,"href":"https:\/\/eadi.com\/es\/wp-json\/wp\/v2\/tags?post=2937"}],"curies":[{"name":"wp","href":"https:\/\/api.w.org\/{rel}","templated":true}]}}