{"id":1956,"date":"2019-07-26T12:00:53","date_gmt":"2019-07-26T10:00:53","guid":{"rendered":"http:\/\/eadi.com\/matricula-oberta-curs-2019-2020\/"},"modified":"2019-07-26T13:36:18","modified_gmt":"2019-07-26T11:36:18","slug":"matricula-oberta-curs-2019-2020","status":"publish","type":"post","link":"https:\/\/eadi.com\/es\/matricula-oberta-curs-2019-2020\/","title":{"rendered":"Matr\u00edcula abierta curso 2019 &#8211; 2020"},"content":{"rendered":"\r\n<h1>Tenemos abierta la inscripci\u00f3n para el pr\u00f3ximo curso 2019-2020<\/h1>\r\n<h3>Adem\u00e1s de los cursos y horarios habituales, ofrecemos:<\/h3>\r\n<ul>\r\n<li>\r\n<p>Horario de ma\u00f1anas de lunes a jueves y s\u00e1bados<\/p>\r\n<\/li>\r\n<li>\r\n<p>Cursos para ni\u00f1os a partir de 6 a\u00f1os con servicio de recogida<\/p>\r\n<\/li>\r\n<li>\r\n<p>Intensivos semestrales<\/p>\r\n<\/li>\r\n<li>\r\n<p>Cursos de conversaci\u00f3n<\/p>\r\n<\/li>\r\n<li>\r\n<p>Preparaci\u00f3n de First, Advanced y Proficiency<\/p>\r\n<\/li>\r\n<li>\r\n<p>Cursos de italiano y chino<\/p>\r\n<\/li>\r\n<li>\r\n<p>Cursos de franc\u00e9s y alem\u00e1n para j\u00f3venes<\/p>\r\n<\/li>\r\n<\/ul>\r\n","protected":false},"excerpt":{"rendered":"<p>Tenemos abierta la inscripci\u00f3n para el pr\u00f3ximo curso 2019-2020 Adem\u00e1s de los cursos y horarios habituales, ofrecemos: Horario de ma\u00f1anas de lunes a jueves y s\u00e1bados Cursos para ni\u00f1os a partir de 6 a\u00f1os con servicio de recogida Intensivos semestrales Cursos de conversaci\u00f3n Preparaci\u00f3n de First, Advanced y Proficiency Cursos de italiano y chino Cursos [&hellip;]<\/p>\n","protected":false},"author":1,"featured_media":1936,"comment_status":"closed","ping_status":"open","sticky":false,"template":"","format":"standard","meta":{"_et_pb_use_builder":"","_et_pb_old_content":"","_et_gb_content_width":"","_monsterinsights_skip_tracking":false,"_monsterinsights_sitenote_active":false,"_monsterinsights_sitenote_note":"","_monsterinsights_sitenote_category":0},"categories":[11],"tags":[],"yoast_head":"<!-- This site is optimized with the Yoast SEO plugin v16.4 - https:\/\/yoast.com\/wordpress\/plugins\/seo\/ -->\n<title>Matr\u00edcula abierta curso 2019 - 2020 - EADI<\/title>\n<meta name=\"robots\" content=\"index, follow, max-snippet:-1, max-image-preview:large, max-video-preview:-1\" \/>\n<link rel=\"canonical\" href=\"https:\/\/eadi.com\/es\/matricula-oberta-curs-2019-2020\/\" \/>\n<meta property=\"og:locale\" content=\"es_ES\" \/>\n<meta property=\"og:type\" content=\"article\" \/>\n<meta property=\"og:title\" content=\"Matr\u00edcula abierta curso 2019 - 2020 - EADI\" \/>\n<meta property=\"og:description\" content=\"Tenemos abierta la inscripci\u00f3n para el pr\u00f3ximo curso 2019-2020 Adem\u00e1s de los cursos y horarios habituales, ofrecemos: Horario de ma\u00f1anas de lunes a jueves y s\u00e1bados Cursos para ni\u00f1os a partir de 6 a\u00f1os con servicio de recogida Intensivos semestrales Cursos de conversaci\u00f3n Preparaci\u00f3n de First, Advanced y Proficiency Cursos de italiano y chino Cursos [&hellip;]\" \/>\n<meta property=\"og:url\" content=\"https:\/\/eadi.com\/es\/matricula-oberta-curs-2019-2020\/\" \/>\n<meta property=\"og:site_name\" content=\"EADI\" \/>\n<meta property=\"article:publisher\" content=\"https:\/\/www.facebook.com\/eadidiomes?fref=ts\" \/>\n<meta property=\"article:published_time\" content=\"2019-07-26T10:00:53+00:00\" \/>\n<meta property=\"article:modified_time\" content=\"2019-07-26T11:36:18+00:00\" \/>\n<meta property=\"og:image\" content=\"https:\/\/eadi.com\/wp-content\/uploads\/2019\/07\/marticulacio\u0301.png\" \/>\n\t<meta property=\"og:image:width\" content=\"1080\" \/>\n\t<meta property=\"og:image:height\" content=\"667\" \/>\n<meta name=\"twitter:card\" content=\"summary_large_image\" \/>\n<meta name=\"twitter:creator\" content=\"@EADI_idiomes\" \/>\n<meta name=\"twitter:site\" content=\"@EADI_idiomes\" \/>\n<script type=\"application\/ld+json\" class=\"yoast-schema-graph\">{\"@context\":\"https:\/\/schema.org\",\"@graph\":[{\"@type\":\"Organization\",\"@id\":\"https:\/\/eadi.com\/#organization\",\"name\":\"EADI. L'escola d'idiomes de Badalona\",\"url\":\"https:\/\/eadi.com\/\",\"sameAs\":[\"https:\/\/www.facebook.com\/eadidiomes?fref=ts\",\"https:\/\/twitter.com\/EADI_idiomes\"],\"logo\":{\"@type\":\"ImageObject\",\"@id\":\"https:\/\/eadi.com\/#logo\",\"inLanguage\":\"es\",\"url\":\"https:\/\/eadi.com\/wp-content\/uploads\/2019\/06\/logooook.jpg\",\"contentUrl\":\"https:\/\/eadi.com\/wp-content\/uploads\/2019\/06\/logooook.jpg\",\"width\":502,\"height\":184,\"caption\":\"EADI. L'escola d'idiomes de Badalona\"},\"image\":{\"@id\":\"https:\/\/eadi.com\/#logo\"}},{\"@type\":\"WebSite\",\"@id\":\"https:\/\/eadi.com\/#website\",\"url\":\"https:\/\/eadi.com\/\",\"name\":\"EADI. L'escola d'idiomes de Badalona\",\"description\":\"L&#039;escola d&#039;idiomes de Badalona\",\"publisher\":{\"@id\":\"https:\/\/eadi.com\/#organization\"},\"potentialAction\":[{\"@type\":\"SearchAction\",\"target\":\"https:\/\/eadi.com\/?s={search_term_string}\",\"query-input\":\"required name=search_term_string\"}],\"inLanguage\":\"es\"},{\"@type\":\"ImageObject\",\"@id\":\"https:\/\/eadi.com\/es\/matricula-oberta-curs-2019-2020\/#primaryimage\",\"inLanguage\":\"es\",\"url\":\"https:\/\/eadi.com\/wp-content\/uploads\/2019\/07\/marticulacio\\u0301.png\",\"contentUrl\":\"https:\/\/eadi.com\/wp-content\/uploads\/2019\/07\/marticulacio\\u0301.png\",\"width\":1080,\"height\":667},{\"@type\":\"WebPage\",\"@id\":\"https:\/\/eadi.com\/es\/matricula-oberta-curs-2019-2020\/#webpage\",\"url\":\"https:\/\/eadi.com\/es\/matricula-oberta-curs-2019-2020\/\",\"name\":\"Matr\\u00edcula abierta curso 2019 - 2020 - EADI\",\"isPartOf\":{\"@id\":\"https:\/\/eadi.com\/#website\"},\"primaryImageOfPage\":{\"@id\":\"https:\/\/eadi.com\/es\/matricula-oberta-curs-2019-2020\/#primaryimage\"},\"datePublished\":\"2019-07-26T10:00:53+00:00\",\"dateModified\":\"2019-07-26T11:36:18+00:00\",\"breadcrumb\":{\"@id\":\"https:\/\/eadi.com\/es\/matricula-oberta-curs-2019-2020\/#breadcrumb\"},\"inLanguage\":\"es\",\"potentialAction\":[{\"@type\":\"ReadAction\",\"target\":[\"https:\/\/eadi.com\/es\/matricula-oberta-curs-2019-2020\/\"]}]},{\"@type\":\"BreadcrumbList\",\"@id\":\"https:\/\/eadi.com\/es\/matricula-oberta-curs-2019-2020\/#breadcrumb\",\"itemListElement\":[{\"@type\":\"ListItem\",\"position\":1,\"item\":{\"@type\":\"WebPage\",\"@id\":\"https:\/\/eadi.com\/\",\"url\":\"https:\/\/eadi.com\/\",\"name\":\"Portada\"}},{\"@type\":\"ListItem\",\"position\":2,\"item\":{\"@id\":\"https:\/\/eadi.com\/es\/matricula-oberta-curs-2019-2020\/#webpage\"}}]},{\"@type\":\"Article\",\"@id\":\"https:\/\/eadi.com\/es\/matricula-oberta-curs-2019-2020\/#article\",\"isPartOf\":{\"@id\":\"https:\/\/eadi.com\/es\/matricula-oberta-curs-2019-2020\/#webpage\"},\"author\":{\"@id\":\"https:\/\/eadi.com\/#\/schema\/person\/77634e41c79b16d61961e6f03c79389a\"},\"headline\":\"Matr\\u00edcula abierta curso 2019 &#8211; 2020\",\"datePublished\":\"2019-07-26T10:00:53+00:00\",\"dateModified\":\"2019-07-26T11:36:18+00:00\",\"mainEntityOfPage\":{\"@id\":\"https:\/\/eadi.com\/es\/matricula-oberta-curs-2019-2020\/#webpage\"},\"wordCount\":77,\"publisher\":{\"@id\":\"https:\/\/eadi.com\/#organization\"},\"image\":{\"@id\":\"https:\/\/eadi.com\/es\/matricula-oberta-curs-2019-2020\/#primaryimage\"},\"thumbnailUrl\":\"https:\/\/eadi.com\/wp-content\/uploads\/2019\/07\/marticulacio\\u0301.png\",\"articleSection\":[\"Sin categorizar\"],\"inLanguage\":\"es\"},{\"@type\":\"Person\",\"@id\":\"https:\/\/eadi.com\/#\/schema\/person\/77634e41c79b16d61961e6f03c79389a\",\"name\":\"olgamuma\",\"image\":{\"@type\":\"ImageObject\",\"@id\":\"https:\/\/eadi.com\/#personlogo\",\"inLanguage\":\"es\",\"url\":\"https:\/\/secure.gravatar.com\/avatar\/5575e062ebe5c93911fd590ef1adb1d8?s=96&d=mm&r=g\",\"contentUrl\":\"https:\/\/secure.gravatar.com\/avatar\/5575e062ebe5c93911fd590ef1adb1d8?s=96&d=mm&r=g\",\"caption\":\"olgamuma\"}}]}<\/script>\n<!-- \/ Yoast SEO plugin. -->","post_mailing_queue_ids":[],"_links":{"self":[{"href":"https:\/\/eadi.com\/es\/wp-json\/wp\/v2\/posts\/1956"}],"collection":[{"href":"https:\/\/eadi.com\/es\/wp-json\/wp\/v2\/posts"}],"about":[{"href":"https:\/\/eadi.com\/es\/wp-json\/wp\/v2\/types\/post"}],"author":[{"embeddable":true,"href":"https:\/\/eadi.com\/es\/wp-json\/wp\/v2\/users\/1"}],"replies":[{"embeddable":true,"href":"https:\/\/eadi.com\/es\/wp-json\/wp\/v2\/comments?post=1956"}],"version-history":[{"count":1,"href":"https:\/\/eadi.com\/es\/wp-json\/wp\/v2\/posts\/1956\/revisions"}],"predecessor-version":[{"id":1965,"href":"https:\/\/eadi.com\/es\/wp-json\/wp\/v2\/posts\/1956\/revisions\/1965"}],"wp:featuredmedia":[{"embeddable":true,"href":"https:\/\/eadi.com\/es\/wp-json\/wp\/v2\/media\/1936"}],"wp:attachment":[{"href":"https:\/\/eadi.com\/es\/wp-json\/wp\/v2\/media?parent=1956"}],"wp:term":[{"taxonomy":"category","embeddable":true,"href":"https:\/\/eadi.com\/es\/wp-json\/wp\/v2\/categories?post=1956"},{"taxonomy":"post_tag","embeddable":true,"href":"https:\/\/eadi.com\/es\/wp-json\/wp\/v2\/tags?post=1956"}],"curies":[{"name":"wp","href":"https:\/\/api.w.org\/{rel}","templated":true}]}}